{"id":159,"date":"2019-05-04T15:36:17","date_gmt":"2019-05-04T20:36:17","guid":{"rendered":"http:\/\/www.clinicakahlo.mx\/blog\/?p=159"},"modified":"2020-05-02T13:04:26","modified_gmt":"2020-05-02T18:04:26","slug":"racismo-y-xenofobia","status":"publish","type":"post","link":"https:\/\/www.clinicakahlo.mx\/blog\/racismo-y-xenofobia\/","title":{"rendered":"Racismo y xenofobia"},"content":{"rendered":"<p>La convivencia pac\u00edfica y no discriminatoria entre diferentes grupos sociales que coexisten en una comunidad supone erradicar actitudes ideol\u00f3gicas como el racismo y la xenofobia (desprecio y rechazo al extranjero). Si nadie nace racista, \u00bfc\u00f3mo se genera esa actitud?<\/p>\n<p>El\u00a0<strong>racismo<\/strong> es una construcci\u00f3n social, que consiste en desvalorizar a un grupo social en funci\u00f3n de alguna caracter\u00edstica f\u00edsica (color de la piel, sobre todo).<\/p>\n<p>Esta actitud negativa ha cambiado a lo largo de la historia y se ha dirigido contra los ind\u00edgenas, los negros, los jud\u00edos, los \u00e1rabes, los gitanos, etc\u00e9tera.<\/p>\n<p>\u00bfCu\u00e1les son las causas del racismo? Una persona con actitudes racistas:<\/p>\n<ul>\n<li>Se basa en la consideraci\u00f3n de que hay razas superiores e inferiores y destaca las diferencias entre individuos o poblaciones. Pero, el racismo no es la relaci\u00f3n desigual entre distintas razas porque ya sabemos que no existen.<\/li>\n<li>Defiende un sistema social seg\u00fan el cual algunos tienen m\u00e1s ventajas por pertenecer a un grupo social determinado. Los racistas del tipo norte-sur creen que la gente del norte es m\u00e1s emprendedora, trabajadora y capaz que los holgazanes del sur, a los que tienen que subvencionar (pero a los que en realidad explotan siempre que pueden).<\/li>\n<li>Considera a las v\u00edctimas como chivo expiatorio del mal social. Como afirmaba el soci\u00f3logo Emile Durkheim.<\/li>\n<\/ul>\n<blockquote><p>Cuando la sociedad sufre, experimenta la necesidad de encontrar a alguien a quien imputar el mal y en quien vengarse de toda su decepci\u00f3n. Emile Durkheim<\/p><\/blockquote>\n<ul>\n<li>Fomenta y permite la marginaci\u00f3n y el aislamiento de una persona o de un grupo en funci\u00f3n de su raza. En la sociedad actual, las actitudes racistas y\/o de rechazo tienen dos v\u00edctimas propiciatorias: el pueblo gitano y los inmigrantes.<\/li>\n<\/ul>\n<p>\u00bfC\u00f3mo desterrar el racismo y la xenofobia? En primer lugar, la investigaci\u00f3n cient\u00edfica demuestra que, en t\u00e9rminos biol\u00f3gicos, en el g\u00e9nero humano no existen razas. La separaci\u00f3n gen\u00e9tica entre diferentes poblaciones es tan escasa que no est\u00e1 justificado emplear el t\u00e9rmino raza para describir a los humanos (su uso deber\u00eda quedar relegado a los ganaderos y veterinarios). En segundo lugar, frente a la tendencia de los individuos y grupos a considerar sus valores y creencias como los \u00fanicos apropiados, el reconocimiento del otro es una condici\u00f3n indispensable para la existencia de la tolerancia. Ver al otro como igual en su condici\u00f3n humana, por encima de su origen, religi\u00f3n o estatus social, supone reconocer su valor personal.<\/p>\n<blockquote><p>Tu Cristo es jud\u00edo, tu coche japon\u00e9s, tu pizza es italiana, tu democracia es griega, to reloj es suizo, tu caf\u00e9 es brasile\u00f1o, tus vacaciones son turcas, tus n\u00fameros son \u00e1rabes, tu escritura es latina \u00bfY tu vecino s\u00f3lo un extranjero?<\/p><\/blockquote>\n<figure id=\"attachment_160\" aria-describedby=\"caption-attachment-160\" style=\"width: 660px\" class=\"wp-caption aligncenter\"><img class=\"size-large wp-image-160\" src=\"http:\/\/www.clinicakahlo.mx\/blog\/wp-content\/uploads\/2019\/05\/aislamiento-1024x683.jpeg\" alt=\"Aislamiento de personas\" width=\"660\" height=\"440\" srcset=\"https:\/\/www.clinicakahlo.mx\/blog\/wp-content\/uploads\/2019\/05\/aislamiento-1024x683.jpeg 1024w, https:\/\/www.clinicakahlo.mx\/blog\/wp-content\/uploads\/2019\/05\/aislamiento-300x200.jpeg 300w, https:\/\/www.clinicakahlo.mx\/blog\/wp-content\/uploads\/2019\/05\/aislamiento-768x512.jpeg 768w\" sizes=\"(max-width: 660px) 100vw, 660px\" \/><figcaption id=\"caption-attachment-160\" class=\"wp-caption-text\">El racismo fomenta la marginaci\u00f3n y el aislamiento de las personas.<\/figcaption><\/figure>\n","protected":false},"excerpt":{"rendered":"<p>La convivencia pac\u00edfica y no discriminatoria entre diferentes grupos sociales que coexisten en una comunidad supone erradicar actitudes ideol\u00f3gicas como el racismo y la xenofobia (desprecio y rechazo al extranjero). Si nadie nace racista, \u00bfc\u00f3mo se genera esa actitud? El\u00a0racismo es una construcci\u00f3n social, que consiste en desvalorizar a un grupo social en funci\u00f3n de alguna caracter\u00edstica f\u00edsica (color de la piel, sobre todo). Esta actitud negativa ha cambiado a lo largo de la historia y se ha dirigido contra&#8230;<\/p>\n<p class=\"read-more\"><a class=\"btn btn-default\" href=\"https:\/\/www.clinicakahlo.mx\/blog\/racismo-y-xenofobia\/\"> Leer m\u00e1s<span class=\"screen-reader-text\">  Leer m\u00e1s<\/span><\/a><\/p>\n","protected":false},"author":1,"featured_media":161,"comment_status":"open","ping_status":"open","sticky":false,"template":"","format":"standard","meta":{"sfsi_plus_gutenberg_text_before_share":"","sfsi_plus_gutenberg_show_text_before_share":"","sfsi_plus_gutenberg_icon_type":"","sfsi_plus_gutenberg_icon_alignemt":"","sfsi_plus_gutenburg_max_per_row":"","_monsterinsights_skip_tracking":false,"_monsterinsights_sitenote_active":false,"_monsterinsights_sitenote_note":"","_monsterinsights_sitenote_category":0},"categories":[39],"tags":[72],"yoast_head":"<!-- This site is optimized with the Yoast SEO plugin v17.4 - https:\/\/yoast.com\/wordpress\/plugins\/seo\/ -->\n<title>Racismo y xenofobia | Cl\u00ednica Kahlo | Psic\u00f3logos en Guadalajara<\/title>\n<meta name=\"description\" content=\"El\u00a0racismo es una construcci\u00f3n social, que consiste en desvalorizar a un grupo social en funci\u00f3n de alguna caracter\u00edstica f\u00edsica (color de la piel, sobre todo).\" \/>\n<meta name=\"robots\" content=\"index, follow, max-snippet:-1, max-image-preview:large, max-video-preview:-1\" \/>\n<link rel=\"canonical\" href=\"http:\/\/www.clinicakahlo.mx\/blog\/racismo-y-xenofobia\/\" \/>\n<meta property=\"og:locale\" content=\"es_MX\" \/>\n<meta property=\"og:type\" content=\"article\" \/>\n<meta property=\"og:title\" content=\"Racismo y xenofobia | Cl\u00ednica Kahlo | Psic\u00f3logos en Guadalajara\" \/>\n<meta property=\"og:description\" content=\"El\u00a0racismo es una construcci\u00f3n social, que consiste en desvalorizar a un grupo social en funci\u00f3n de alguna caracter\u00edstica f\u00edsica (color de la piel, sobre todo).\" \/>\n<meta property=\"og:url\" content=\"http:\/\/www.clinicakahlo.mx\/blog\/racismo-y-xenofobia\/\" \/>\n<meta property=\"og:site_name\" content=\"Blog de Psicolog\u00eda\" \/>\n<meta property=\"article:publisher\" content=\"https:\/\/www.facebook.com\/clinicaterapeuticakahlo\/\" \/>\n<meta property=\"article:published_time\" content=\"2019-05-04T20:36:17+00:00\" \/>\n<meta property=\"article:modified_time\" content=\"2020-05-02T18:04:26+00:00\" \/>\n<meta property=\"og:image\" content=\"http:\/\/www.clinicakahlo.mx\/blog\/wp-content\/uploads\/2019\/05\/raxeno.jpg\" \/>\n\t<meta property=\"og:image:width\" content=\"1250\" \/>\n\t<meta property=\"og:image:height\" content=\"835\" \/>\n<meta name=\"twitter:card\" content=\"summary\" \/>\n<meta name=\"twitter:creator\" content=\"@clinica_kahlo\" \/>\n<meta name=\"twitter:site\" content=\"@clinica_kahlo\" \/>\n<meta name=\"twitter:label1\" content=\"Escrito por\" \/>\n\t<meta name=\"twitter:data1\" content=\"Cl\u00ednica Kahlo\" \/>\n\t<meta name=\"twitter:label2\" content=\"Tiempo de lectura\" \/>\n\t<meta name=\"twitter:data2\" content=\"2 minutos\" \/>\n<script type=\"application\/ld+json\" class=\"yoast-schema-graph\">{\"@context\":\"https:\/\/schema.org\",\"@graph\":[{\"@type\":\"Organization\",\"@id\":\"https:\/\/www.clinicakahlo.mx\/blog\/#organization\",\"name\":\"Cl\\u00ednica Kahlo\",\"url\":\"https:\/\/www.clinicakahlo.mx\/blog\/\",\"sameAs\":[\"https:\/\/www.facebook.com\/clinicaterapeuticakahlo\/\",\"https:\/\/www.linkedin.com\/company\/cl\\u00ednica-terap\\u00e9utica-kahlo\",\"https:\/\/www.youtube.com\/channel\/UC0a7wko3r13nM9T-yRbgiig\",\"https:\/\/twitter.com\/clinica_kahlo\"],\"logo\":{\"@type\":\"ImageObject\",\"@id\":\"https:\/\/www.clinicakahlo.mx\/blog\/#logo\",\"inLanguage\":\"es-MX\",\"url\":\"https:\/\/www.clinicakahlo.mx\/blog\/wp-content\/uploads\/2017\/06\/kahlotrans.png\",\"contentUrl\":\"https:\/\/www.clinicakahlo.mx\/blog\/wp-content\/uploads\/2017\/06\/kahlotrans.png\",\"width\":374,\"height\":208,\"caption\":\"Cl\\u00ednica Kahlo\"},\"image\":{\"@id\":\"https:\/\/www.clinicakahlo.mx\/blog\/#logo\"}},{\"@type\":\"WebSite\",\"@id\":\"https:\/\/www.clinicakahlo.mx\/blog\/#website\",\"url\":\"https:\/\/www.clinicakahlo.mx\/blog\/\",\"name\":\"Blog de Psicolog\\u00eda\",\"description\":\"Cl\\u00ednica Kahlo - Psic\\u00f3logos\",\"publisher\":{\"@id\":\"https:\/\/www.clinicakahlo.mx\/blog\/#organization\"},\"potentialAction\":[{\"@type\":\"SearchAction\",\"target\":{\"@type\":\"EntryPoint\",\"urlTemplate\":\"https:\/\/www.clinicakahlo.mx\/blog\/?s={search_term_string}\"},\"query-input\":\"required name=search_term_string\"}],\"inLanguage\":\"es-MX\"},{\"@type\":\"ImageObject\",\"@id\":\"http:\/\/www.clinicakahlo.mx\/blog\/racismo-y-xenofobia\/#primaryimage\",\"inLanguage\":\"es-MX\",\"url\":\"https:\/\/www.clinicakahlo.mx\/blog\/wp-content\/uploads\/2019\/05\/raxeno.jpg\",\"contentUrl\":\"https:\/\/www.clinicakahlo.mx\/blog\/wp-content\/uploads\/2019\/05\/raxeno.jpg\",\"width\":1250,\"height\":835,\"caption\":\"Racismo y Xenofobia\"},{\"@type\":\"WebPage\",\"@id\":\"http:\/\/www.clinicakahlo.mx\/blog\/racismo-y-xenofobia\/#webpage\",\"url\":\"http:\/\/www.clinicakahlo.mx\/blog\/racismo-y-xenofobia\/\",\"name\":\"Racismo y xenofobia | Cl\\u00ednica Kahlo | Psic\\u00f3logos en Guadalajara\",\"isPartOf\":{\"@id\":\"https:\/\/www.clinicakahlo.mx\/blog\/#website\"},\"primaryImageOfPage\":{\"@id\":\"http:\/\/www.clinicakahlo.mx\/blog\/racismo-y-xenofobia\/#primaryimage\"},\"datePublished\":\"2019-05-04T20:36:17+00:00\",\"dateModified\":\"2020-05-02T18:04:26+00:00\",\"description\":\"El\\u00a0racismo es una construcci\\u00f3n social, que consiste en desvalorizar a un grupo social en funci\\u00f3n de alguna caracter\\u00edstica f\\u00edsica (color de la piel, sobre todo).\",\"breadcrumb\":{\"@id\":\"http:\/\/www.clinicakahlo.mx\/blog\/racismo-y-xenofobia\/#breadcrumb\"},\"inLanguage\":\"es-MX\",\"potentialAction\":[{\"@type\":\"ReadAction\",\"target\":[\"http:\/\/www.clinicakahlo.mx\/blog\/racismo-y-xenofobia\/\"]}]},{\"@type\":\"BreadcrumbList\",\"@id\":\"http:\/\/www.clinicakahlo.mx\/blog\/racismo-y-xenofobia\/#breadcrumb\",\"itemListElement\":[{\"@type\":\"ListItem\",\"position\":1,\"name\":\"Blog Psicolog\\u00eda - Psic\\u00f3logo en Guadalajara\",\"item\":\"https:\/\/www.clinicakahlo.mx\/blog\/\"},{\"@type\":\"ListItem\",\"position\":2,\"name\":\"Racismo y xenofobia\"}]},{\"@type\":\"Article\",\"@id\":\"http:\/\/www.clinicakahlo.mx\/blog\/racismo-y-xenofobia\/#article\",\"isPartOf\":{\"@id\":\"http:\/\/www.clinicakahlo.mx\/blog\/racismo-y-xenofobia\/#webpage\"},\"author\":{\"@id\":\"https:\/\/www.clinicakahlo.mx\/blog\/#\/schema\/person\/06ac05016a2131bd89deebd4ae411c51\"},\"headline\":\"Racismo y xenofobia\",\"datePublished\":\"2019-05-04T20:36:17+00:00\",\"dateModified\":\"2020-05-02T18:04:26+00:00\",\"mainEntityOfPage\":{\"@id\":\"http:\/\/www.clinicakahlo.mx\/blog\/racismo-y-xenofobia\/#webpage\"},\"wordCount\":498,\"commentCount\":0,\"publisher\":{\"@id\":\"https:\/\/www.clinicakahlo.mx\/blog\/#organization\"},\"image\":{\"@id\":\"http:\/\/www.clinicakahlo.mx\/blog\/racismo-y-xenofobia\/#primaryimage\"},\"thumbnailUrl\":\"https:\/\/www.clinicakahlo.mx\/blog\/wp-content\/uploads\/2019\/05\/raxeno.jpg\",\"keywords\":[\"racismo\"],\"articleSection\":[\"El Pensamiento\"],\"inLanguage\":\"es-MX\",\"potentialAction\":[{\"@type\":\"CommentAction\",\"name\":\"Comment\",\"target\":[\"http:\/\/www.clinicakahlo.mx\/blog\/racismo-y-xenofobia\/#respond\"]}]},{\"@type\":\"Person\",\"@id\":\"https:\/\/www.clinicakahlo.mx\/blog\/#\/schema\/person\/06ac05016a2131bd89deebd4ae411c51\",\"name\":\"Cl\\u00ednica Kahlo\",\"image\":{\"@type\":\"ImageObject\",\"@id\":\"https:\/\/www.clinicakahlo.mx\/blog\/#personlogo\",\"inLanguage\":\"es-MX\",\"url\":\"https:\/\/secure.gravatar.com\/avatar\/19fa18241f3a5d8f25ceeabf55611205?s=96&d=mm&r=g\",\"contentUrl\":\"https:\/\/secure.gravatar.com\/avatar\/19fa18241f3a5d8f25ceeabf55611205?s=96&d=mm&r=g\",\"caption\":\"Cl\\u00ednica Kahlo\"},\"url\":\"https:\/\/www.clinicakahlo.mx\/blog\/author\/admin\/\"}]}<\/script>\n<!-- \/ Yoast SEO plugin. -->","yoast_head_json":{"title":"Racismo y xenofobia | Cl\u00ednica Kahlo | Psic\u00f3logos en Guadalajara","description":"El\u00a0racismo es una construcci\u00f3n social, que consiste en desvalorizar a un grupo social en funci\u00f3n de alguna caracter\u00edstica f\u00edsica (color de la piel, sobre todo).","robots":{"index":"index","follow":"follow","max-snippet":"max-snippet:-1","max-image-preview":"max-image-preview:large","max-video-preview":"max-video-preview:-1"},"canonical":"http:\/\/www.clinicakahlo.mx\/blog\/racismo-y-xenofobia\/","og_locale":"es_MX","og_type":"article","og_title":"Racismo y xenofobia | Cl\u00ednica Kahlo | Psic\u00f3logos en Guadalajara","og_description":"El\u00a0racismo es una construcci\u00f3n social, que consiste en desvalorizar a un grupo social en funci\u00f3n de alguna caracter\u00edstica f\u00edsica (color de la piel, sobre todo).","og_url":"http:\/\/www.clinicakahlo.mx\/blog\/racismo-y-xenofobia\/","og_site_name":"Blog de Psicolog\u00eda","article_publisher":"https:\/\/www.facebook.com\/clinicaterapeuticakahlo\/","article_published_time":"2019-05-04T20:36:17+00:00","article_modified_time":"2020-05-02T18:04:26+00:00","og_image":[{"width":1250,"height":835,"url":"http:\/\/www.clinicakahlo.mx\/blog\/wp-content\/uploads\/2019\/05\/raxeno.jpg","type":"image\/jpeg"}],"twitter_card":"summary","twitter_creator":"@clinica_kahlo","twitter_site":"@clinica_kahlo","twitter_misc":{"Escrito por":"Cl\u00ednica Kahlo","Tiempo de lectura":"2 minutos"},"schema":{"@context":"https:\/\/schema.org","@graph":[{"@type":"Organization","@id":"https:\/\/www.clinicakahlo.mx\/blog\/#organization","name":"Cl\u00ednica Kahlo","url":"https:\/\/www.clinicakahlo.mx\/blog\/","sameAs":["https:\/\/www.facebook.com\/clinicaterapeuticakahlo\/","https:\/\/www.linkedin.com\/company\/cl\u00ednica-terap\u00e9utica-kahlo","https:\/\/www.youtube.com\/channel\/UC0a7wko3r13nM9T-yRbgiig","https:\/\/twitter.com\/clinica_kahlo"],"logo":{"@type":"ImageObject","@id":"https:\/\/www.clinicakahlo.mx\/blog\/#logo","inLanguage":"es-MX","url":"https:\/\/www.clinicakahlo.mx\/blog\/wp-content\/uploads\/2017\/06\/kahlotrans.png","contentUrl":"https:\/\/www.clinicakahlo.mx\/blog\/wp-content\/uploads\/2017\/06\/kahlotrans.png","width":374,"height":208,"caption":"Cl\u00ednica Kahlo"},"image":{"@id":"https:\/\/www.clinicakahlo.mx\/blog\/#logo"}},{"@type":"WebSite","@id":"https:\/\/www.clinicakahlo.mx\/blog\/#website","url":"https:\/\/www.clinicakahlo.mx\/blog\/","name":"Blog de Psicolog\u00eda","description":"Cl\u00ednica Kahlo - Psic\u00f3logos","publisher":{"@id":"https:\/\/www.clinicakahlo.mx\/blog\/#organization"},"potentialAction":[{"@type":"SearchAction","target":{"@type":"EntryPoint","urlTemplate":"https:\/\/www.clinicakahlo.mx\/blog\/?s={search_term_string}"},"query-input":"required name=search_term_string"}],"inLanguage":"es-MX"},{"@type":"ImageObject","@id":"http:\/\/www.clinicakahlo.mx\/blog\/racismo-y-xenofobia\/#primaryimage","inLanguage":"es-MX","url":"https:\/\/www.clinicakahlo.mx\/blog\/wp-content\/uploads\/2019\/05\/raxeno.jpg","contentUrl":"https:\/\/www.clinicakahlo.mx\/blog\/wp-content\/uploads\/2019\/05\/raxeno.jpg","width":1250,"height":835,"caption":"Racismo y Xenofobia"},{"@type":"WebPage","@id":"http:\/\/www.clinicakahlo.mx\/blog\/racismo-y-xenofobia\/#webpage","url":"http:\/\/www.clinicakahlo.mx\/blog\/racismo-y-xenofobia\/","name":"Racismo y xenofobia | Cl\u00ednica Kahlo | Psic\u00f3logos en Guadalajara","isPartOf":{"@id":"https:\/\/www.clinicakahlo.mx\/blog\/#website"},"primaryImageOfPage":{"@id":"http:\/\/www.clinicakahlo.mx\/blog\/racismo-y-xenofobia\/#primaryimage"},"datePublished":"2019-05-04T20:36:17+00:00","dateModified":"2020-05-02T18:04:26+00:00","description":"El\u00a0racismo es una construcci\u00f3n social, que consiste en desvalorizar a un grupo social en funci\u00f3n de alguna caracter\u00edstica f\u00edsica (color de la piel, sobre todo).","breadcrumb":{"@id":"http:\/\/www.clinicakahlo.mx\/blog\/racismo-y-xenofobia\/#breadcrumb"},"inLanguage":"es-MX","potentialAction":[{"@type":"ReadAction","target":["http:\/\/www.clinicakahlo.mx\/blog\/racismo-y-xenofobia\/"]}]},{"@type":"BreadcrumbList","@id":"http:\/\/www.clinicakahlo.mx\/blog\/racismo-y-xenofobia\/#breadcrumb","itemListElement":[{"@type":"ListItem","position":1,"name":"Blog Psicolog\u00eda - Psic\u00f3logo en Guadalajara","item":"https:\/\/www.clinicakahlo.mx\/blog\/"},{"@type":"ListItem","position":2,"name":"Racismo y xenofobia"}]},{"@type":"Article","@id":"http:\/\/www.clinicakahlo.mx\/blog\/racismo-y-xenofobia\/#article","isPartOf":{"@id":"http:\/\/www.clinicakahlo.mx\/blog\/racismo-y-xenofobia\/#webpage"},"author":{"@id":"https:\/\/www.clinicakahlo.mx\/blog\/#\/schema\/person\/06ac05016a2131bd89deebd4ae411c51"},"headline":"Racismo y xenofobia","datePublished":"2019-05-04T20:36:17+00:00","dateModified":"2020-05-02T18:04:26+00:00","mainEntityOfPage":{"@id":"http:\/\/www.clinicakahlo.mx\/blog\/racismo-y-xenofobia\/#webpage"},"wordCount":498,"commentCount":0,"publisher":{"@id":"https:\/\/www.clinicakahlo.mx\/blog\/#organization"},"image":{"@id":"http:\/\/www.clinicakahlo.mx\/blog\/racismo-y-xenofobia\/#primaryimage"},"thumbnailUrl":"https:\/\/www.clinicakahlo.mx\/blog\/wp-content\/uploads\/2019\/05\/raxeno.jpg","keywords":["racismo"],"articleSection":["El Pensamiento"],"inLanguage":"es-MX","potentialAction":[{"@type":"CommentAction","name":"Comment","target":["http:\/\/www.clinicakahlo.mx\/blog\/racismo-y-xenofobia\/#respond"]}]},{"@type":"Person","@id":"https:\/\/www.clinicakahlo.mx\/blog\/#\/schema\/person\/06ac05016a2131bd89deebd4ae411c51","name":"Cl\u00ednica Kahlo","image":{"@type":"ImageObject","@id":"https:\/\/www.clinicakahlo.mx\/blog\/#personlogo","inLanguage":"es-MX","url":"https:\/\/secure.gravatar.com\/avatar\/19fa18241f3a5d8f25ceeabf55611205?s=96&d=mm&r=g","contentUrl":"https:\/\/secure.gravatar.com\/avatar\/19fa18241f3a5d8f25ceeabf55611205?s=96&d=mm&r=g","caption":"Cl\u00ednica Kahlo"},"url":"https:\/\/www.clinicakahlo.mx\/blog\/author\/admin\/"}]}},"amp_enabled":true,"_links":{"self":[{"href":"https:\/\/www.clinicakahlo.mx\/blog\/wp-json\/wp\/v2\/posts\/159"}],"collection":[{"href":"https:\/\/www.clinicakahlo.mx\/blog\/wp-json\/wp\/v2\/posts"}],"about":[{"href":"https:\/\/www.clinicakahlo.mx\/blog\/wp-json\/wp\/v2\/types\/post"}],"author":[{"embeddable":true,"href":"https:\/\/www.clinicakahlo.mx\/blog\/wp-json\/wp\/v2\/users\/1"}],"replies":[{"embeddable":true,"href":"https:\/\/www.clinicakahlo.mx\/blog\/wp-json\/wp\/v2\/comments?post=159"}],"version-history":[{"count":1,"href":"https:\/\/www.clinicakahlo.mx\/blog\/wp-json\/wp\/v2\/posts\/159\/revisions"}],"predecessor-version":[{"id":162,"href":"https:\/\/www.clinicakahlo.mx\/blog\/wp-json\/wp\/v2\/posts\/159\/revisions\/162"}],"wp:featuredmedia":[{"embeddable":true,"href":"https:\/\/www.clinicakahlo.mx\/blog\/wp-json\/wp\/v2\/media\/161"}],"wp:attachment":[{"href":"https:\/\/www.clinicakahlo.mx\/blog\/wp-json\/wp\/v2\/media?parent=159"}],"wp:term":[{"taxonomy":"category","embeddable":true,"href":"https:\/\/www.clinicakahlo.mx\/blog\/wp-json\/wp\/v2\/categories?post=159"},{"taxonomy":"post_tag","embeddable":true,"href":"https:\/\/www.clinicakahlo.mx\/blog\/wp-json\/wp\/v2\/tags?post=159"}],"curies":[{"name":"wp","href":"https:\/\/api.w.org\/{rel}","templated":true}]}}