{"id":149,"date":"2019-04-14T09:08:24","date_gmt":"2019-04-14T14:08:24","guid":{"rendered":"http:\/\/www.clinicakahlo.mx\/blog\/?p=149"},"modified":"2019-04-14T09:08:24","modified_gmt":"2019-04-14T14:08:24","slug":"fanatismo-y-violencia","status":"publish","type":"post","link":"https:\/\/www.clinicakahlo.mx\/blog\/fanatismo-y-violencia\/","title":{"rendered":"Fanatismo y violencia"},"content":{"rendered":"<p>La pobreza en el mundo y el reparto desigual de los avances tecnol\u00f3gicos son dos de los principales problemas econ\u00f3micos y psicol\u00f3gicos de nuestra \u00e9poca, porque causan odio, envidia y frustraci\u00f3n, sentimientos que son la fuente del fanatismo y la violencia.<\/p>\n<p><!--more--><\/p>\n<p>El fanatismo es enemigo de la raz\u00f3n y lleva en s\u00ed el germen de la violencia. El riesgo de la violencia es generar un espiral de odio que siempre acaba en un sangriento ritual de destrucci\u00f3n. El odio alimenta la violencia, que, a su vez, produce m\u00e1s odio.<\/p>\n<p>El fan\u00e1tico, que tiene una percepci\u00f3n distorsionada de la realidad, se cree poseedor de la verdad y trata de impon\u00e9rsela a los dem\u00e1s a sangre y fuego. Los atributos psicol\u00f3gicos m\u00e1s representativos de un fan\u00e1tico son:<\/p>\n<ul>\n<li>Inmadurez y dependencia emocional.<\/li>\n<li>B\u00fasqueda de emociones fuertes.<\/li>\n<li>Dogmatismo o rigidez del pensamiento y certeza injustificada en cuestiones de creencia u opini\u00f3n (jam\u00e1s acepta la duda o la cr\u00edtica)<\/li>\n<li>Personalidad paranoide que se caracteriza por la desconfianza patol\u00f3gica, el orgullo exagerado, la pobreza afectiva y una agresividad sin l\u00edmites.<\/li>\n<\/ul>\n<p>Todo el fanatismo necesita l\u00edderes, que tengan seguridad en s\u00ed mismos y capacidad de seducci\u00f3n, as\u00ed como una inteligencia maquiav\u00e9lica, capacidad de manipular la conducta de los dem\u00e1s. Los l\u00edderes saben que los individuos tienen tendencia a obedecer.<\/p>\n<p>Algunos experimentos de la psicolog\u00eda social realizados por el psic\u00f3logo norteamericano <a href=\"https:\/\/www.simplypsychology.org\/milgram.html\">Stanley Milgram<\/a>, demuestran que cuando entran en conflicto la obediencia a una autoridad y el \u00e1nimo de no causar da\u00f1o a otros, la autoridad est\u00e1 por encima de la empat\u00eda en la mayor\u00eda de las personas.<\/p>\n<p>Las caracter\u00edsticas ideol\u00f3gicas del fan\u00e1tico son:<\/p>\n<ul>\n<li>Se cree el depositario de la verdad absoluta y no admite la posibilidad de que otras personas tengan raz\u00f3n.<\/li>\n<li>Trata de imponer sus creencias y normas de conducta por la fuerza, sin respetar las libertades de los dem\u00e1s.<\/li>\n<li>Se gu\u00eda por sentimientos y creencias irracionales, menospreciando el pensamiento y la raz\u00f3n. Sigue ciegamente la ideolog\u00eda de una secta o alg\u00fan l\u00edder carism\u00e1tico.<\/li>\n<li>Tiene una visi\u00f3n simplista de la realidad al establecer una frontera entre un\u00a0<em>nosotros<\/em>, perfecto y puro, y un\u00a0<em>ellos<\/em>, miserable e inferior.<\/li>\n<li>Desprecia a otras etnias, pueblos o personas, a quienes considera extranjeros o chivos expiatorios contra los que puede actuar con violencia.<\/li>\n<li>No admite la igualdad de sexos y defiende posturas mis\u00f3ginas. Ciertos grupos religiosos y sectas se oponen a aceptar el derecho a la igualdad de la mujer.<\/li>\n<li>No admite la separaci\u00f3n entre religi\u00f3n y estado, considerando que las leyes deben estar subordinadas a los textos sagrados.<\/li>\n<\/ul>\n<blockquote><p>En s\u00ed misma, toda idea es neutra o deber\u00eda serlo; pero el hombre la anima, proyecta en ella sus llamas y sus demencias; impura, transformada en creencia, se inserta en el tiempo, adopta figura de suceso: el paso de la l\u00f3gica a la epilepsia se ha consumado&#8230; As\u00ed nacen las ideolog\u00edas, las doctrinas y las farsas sangrientas. Id\u00f3latras por instinto, convertimos en incondicionales los objetos de nuestros sue\u00f1os y de nuestros intereses. Su capacidad de adorar es responsable de todos sus cr\u00edmenes: el que ama indebidamente a un dios obliga a los otros a amarlo, en espera de exterminarlos si se reh\u00fasan.<\/p>\n<p><a href=\"https:\/\/www.gandhi.com.mx\/adios-a-la-filosofia-y-otros-textos\">CIORAN, E. M.: Adi\u00f3s a la filosof\u00eda. Alianza, Madrid, 1982.<\/a><\/p><\/blockquote>\n<p><a href=\"https:\/\/www.clinicakahlo.mx\/\">Cl\u00ednica Kahlo<\/a><\/p>\n","protected":false},"excerpt":{"rendered":"<p>La pobreza en el mundo y el reparto desigual de los avances tecnol\u00f3gicos son dos de los principales problemas econ\u00f3micos y psicol\u00f3gicos de nuestra \u00e9poca, porque causan odio, envidia y frustraci\u00f3n, sentimientos que son la fuente del fanatismo y la violencia.<\/p>\n","protected":false},"author":1,"featured_media":150,"comment_status":"open","ping_status":"open","sticky":false,"template":"","format":"standard","meta":{"sfsi_plus_gutenberg_text_before_share":"","sfsi_plus_gutenberg_show_text_before_share":"","sfsi_plus_gutenberg_icon_type":"","sfsi_plus_gutenberg_icon_alignemt":"","sfsi_plus_gutenburg_max_per_row":"","_monsterinsights_skip_tracking":false,"_monsterinsights_sitenote_active":false,"_monsterinsights_sitenote_note":"","_monsterinsights_sitenote_category":0},"categories":[36],"tags":[38,37],"yoast_head":"<!-- This site is optimized with the Yoast SEO plugin v17.4 - https:\/\/yoast.com\/wordpress\/plugins\/seo\/ -->\n<title>Fanatismo y violencia | Cl\u00ednica Kahlo | Psic\u00f3logos en Guadalajara<\/title>\n<meta name=\"description\" content=\"La pobreza en el mundo y el reparto desigual de los avances tecnol\u00f3gicos son sentimientos que son la fuente del fanatismo y la violencia.\" \/>\n<meta name=\"robots\" content=\"index, follow, max-snippet:-1, max-image-preview:large, max-video-preview:-1\" \/>\n<link rel=\"canonical\" href=\"https:\/\/www.clinicakahlo.mx\/blog\/fanatismo-y-violencia\/\" \/>\n<meta property=\"og:locale\" content=\"es_MX\" \/>\n<meta property=\"og:type\" content=\"article\" \/>\n<meta property=\"og:title\" content=\"Fanatismo y violencia | Cl\u00ednica Kahlo | Psic\u00f3logos en Guadalajara\" \/>\n<meta property=\"og:description\" content=\"La pobreza en el mundo y el reparto desigual de los avances tecnol\u00f3gicos son sentimientos que son la fuente del fanatismo y la violencia.\" \/>\n<meta property=\"og:url\" content=\"https:\/\/www.clinicakahlo.mx\/blog\/fanatismo-y-violencia\/\" \/>\n<meta property=\"og:site_name\" content=\"Blog de Psicolog\u00eda\" \/>\n<meta property=\"article:publisher\" content=\"https:\/\/www.facebook.com\/clinicaterapeuticakahlo\/\" \/>\n<meta property=\"article:published_time\" content=\"2019-04-14T14:08:24+00:00\" \/>\n<meta property=\"og:image\" content=\"https:\/\/www.clinicakahlo.mx\/blog\/wp-content\/uploads\/2019\/04\/violencia.jpg\" \/>\n\t<meta property=\"og:image:width\" content=\"1244\" \/>\n\t<meta property=\"og:image:height\" content=\"829\" \/>\n<meta name=\"twitter:card\" content=\"summary\" \/>\n<meta name=\"twitter:creator\" content=\"@clinica_kahlo\" \/>\n<meta name=\"twitter:site\" content=\"@clinica_kahlo\" \/>\n<meta name=\"twitter:label1\" content=\"Escrito por\" \/>\n\t<meta name=\"twitter:data1\" content=\"Cl\u00ednica Kahlo\" \/>\n\t<meta name=\"twitter:label2\" content=\"Tiempo de lectura\" \/>\n\t<meta name=\"twitter:data2\" content=\"3 minutos\" \/>\n<script type=\"application\/ld+json\" class=\"yoast-schema-graph\">{\"@context\":\"https:\/\/schema.org\",\"@graph\":[{\"@type\":\"Organization\",\"@id\":\"https:\/\/www.clinicakahlo.mx\/blog\/#organization\",\"name\":\"Cl\\u00ednica Kahlo\",\"url\":\"https:\/\/www.clinicakahlo.mx\/blog\/\",\"sameAs\":[\"https:\/\/www.facebook.com\/clinicaterapeuticakahlo\/\",\"https:\/\/www.linkedin.com\/company\/cl\\u00ednica-terap\\u00e9utica-kahlo\",\"https:\/\/www.youtube.com\/channel\/UC0a7wko3r13nM9T-yRbgiig\",\"https:\/\/twitter.com\/clinica_kahlo\"],\"logo\":{\"@type\":\"ImageObject\",\"@id\":\"https:\/\/www.clinicakahlo.mx\/blog\/#logo\",\"inLanguage\":\"es-MX\",\"url\":\"https:\/\/www.clinicakahlo.mx\/blog\/wp-content\/uploads\/2017\/06\/kahlotrans.png\",\"contentUrl\":\"https:\/\/www.clinicakahlo.mx\/blog\/wp-content\/uploads\/2017\/06\/kahlotrans.png\",\"width\":374,\"height\":208,\"caption\":\"Cl\\u00ednica Kahlo\"},\"image\":{\"@id\":\"https:\/\/www.clinicakahlo.mx\/blog\/#logo\"}},{\"@type\":\"WebSite\",\"@id\":\"https:\/\/www.clinicakahlo.mx\/blog\/#website\",\"url\":\"https:\/\/www.clinicakahlo.mx\/blog\/\",\"name\":\"Blog de Psicolog\\u00eda\",\"description\":\"Cl\\u00ednica Kahlo - Psic\\u00f3logos\",\"publisher\":{\"@id\":\"https:\/\/www.clinicakahlo.mx\/blog\/#organization\"},\"potentialAction\":[{\"@type\":\"SearchAction\",\"target\":{\"@type\":\"EntryPoint\",\"urlTemplate\":\"https:\/\/www.clinicakahlo.mx\/blog\/?s={search_term_string}\"},\"query-input\":\"required name=search_term_string\"}],\"inLanguage\":\"es-MX\"},{\"@type\":\"ImageObject\",\"@id\":\"https:\/\/www.clinicakahlo.mx\/blog\/fanatismo-y-violencia\/#primaryimage\",\"inLanguage\":\"es-MX\",\"url\":\"https:\/\/www.clinicakahlo.mx\/blog\/wp-content\/uploads\/2019\/04\/violencia.jpg\",\"contentUrl\":\"https:\/\/www.clinicakahlo.mx\/blog\/wp-content\/uploads\/2019\/04\/violencia.jpg\",\"width\":1244,\"height\":829,\"caption\":\"violencia y fanatismo\"},{\"@type\":\"WebPage\",\"@id\":\"https:\/\/www.clinicakahlo.mx\/blog\/fanatismo-y-violencia\/#webpage\",\"url\":\"https:\/\/www.clinicakahlo.mx\/blog\/fanatismo-y-violencia\/\",\"name\":\"Fanatismo y violencia | Cl\\u00ednica Kahlo | Psic\\u00f3logos en Guadalajara\",\"isPartOf\":{\"@id\":\"https:\/\/www.clinicakahlo.mx\/blog\/#website\"},\"primaryImageOfPage\":{\"@id\":\"https:\/\/www.clinicakahlo.mx\/blog\/fanatismo-y-violencia\/#primaryimage\"},\"datePublished\":\"2019-04-14T14:08:24+00:00\",\"dateModified\":\"2019-04-14T14:08:24+00:00\",\"description\":\"La pobreza en el mundo y el reparto desigual de los avances tecnol\\u00f3gicos son sentimientos que son la fuente del fanatismo y la violencia.\",\"breadcrumb\":{\"@id\":\"https:\/\/www.clinicakahlo.mx\/blog\/fanatismo-y-violencia\/#breadcrumb\"},\"inLanguage\":\"es-MX\",\"potentialAction\":[{\"@type\":\"ReadAction\",\"target\":[\"https:\/\/www.clinicakahlo.mx\/blog\/fanatismo-y-violencia\/\"]}]},{\"@type\":\"BreadcrumbList\",\"@id\":\"https:\/\/www.clinicakahlo.mx\/blog\/fanatismo-y-violencia\/#breadcrumb\",\"itemListElement\":[{\"@type\":\"ListItem\",\"position\":1,\"name\":\"Blog Psicolog\\u00eda - Psic\\u00f3logo en Guadalajara\",\"item\":\"https:\/\/www.clinicakahlo.mx\/blog\/\"},{\"@type\":\"ListItem\",\"position\":2,\"name\":\"Fanatismo y violencia\"}]},{\"@type\":\"Article\",\"@id\":\"https:\/\/www.clinicakahlo.mx\/blog\/fanatismo-y-violencia\/#article\",\"isPartOf\":{\"@id\":\"https:\/\/www.clinicakahlo.mx\/blog\/fanatismo-y-violencia\/#webpage\"},\"author\":{\"@id\":\"https:\/\/www.clinicakahlo.mx\/blog\/#\/schema\/person\/06ac05016a2131bd89deebd4ae411c51\"},\"headline\":\"Fanatismo y violencia\",\"datePublished\":\"2019-04-14T14:08:24+00:00\",\"dateModified\":\"2019-04-14T14:08:24+00:00\",\"mainEntityOfPage\":{\"@id\":\"https:\/\/www.clinicakahlo.mx\/blog\/fanatismo-y-violencia\/#webpage\"},\"wordCount\":588,\"commentCount\":0,\"publisher\":{\"@id\":\"https:\/\/www.clinicakahlo.mx\/blog\/#organization\"},\"image\":{\"@id\":\"https:\/\/www.clinicakahlo.mx\/blog\/fanatismo-y-violencia\/#primaryimage\"},\"thumbnailUrl\":\"https:\/\/www.clinicakahlo.mx\/blog\/wp-content\/uploads\/2019\/04\/violencia.jpg\",\"keywords\":[\"fanatismo\",\"violencia\"],\"articleSection\":[\"Violencia\"],\"inLanguage\":\"es-MX\",\"potentialAction\":[{\"@type\":\"CommentAction\",\"name\":\"Comment\",\"target\":[\"https:\/\/www.clinicakahlo.mx\/blog\/fanatismo-y-violencia\/#respond\"]}]},{\"@type\":\"Person\",\"@id\":\"https:\/\/www.clinicakahlo.mx\/blog\/#\/schema\/person\/06ac05016a2131bd89deebd4ae411c51\",\"name\":\"Cl\\u00ednica Kahlo\",\"image\":{\"@type\":\"ImageObject\",\"@id\":\"https:\/\/www.clinicakahlo.mx\/blog\/#personlogo\",\"inLanguage\":\"es-MX\",\"url\":\"https:\/\/secure.gravatar.com\/avatar\/19fa18241f3a5d8f25ceeabf55611205?s=96&d=mm&r=g\",\"contentUrl\":\"https:\/\/secure.gravatar.com\/avatar\/19fa18241f3a5d8f25ceeabf55611205?s=96&d=mm&r=g\",\"caption\":\"Cl\\u00ednica Kahlo\"},\"url\":\"https:\/\/www.clinicakahlo.mx\/blog\/author\/admin\/\"}]}<\/script>\n<!-- \/ Yoast SEO plugin. -->","yoast_head_json":{"title":"Fanatismo y violencia | Cl\u00ednica Kahlo | Psic\u00f3logos en Guadalajara","description":"La pobreza en el mundo y el reparto desigual de los avances tecnol\u00f3gicos son sentimientos que son la fuente del fanatismo y la violencia.","robots":{"index":"index","follow":"follow","max-snippet":"max-snippet:-1","max-image-preview":"max-image-preview:large","max-video-preview":"max-video-preview:-1"},"canonical":"https:\/\/www.clinicakahlo.mx\/blog\/fanatismo-y-violencia\/","og_locale":"es_MX","og_type":"article","og_title":"Fanatismo y violencia | Cl\u00ednica Kahlo | Psic\u00f3logos en Guadalajara","og_description":"La pobreza en el mundo y el reparto desigual de los avances tecnol\u00f3gicos son sentimientos que son la fuente del fanatismo y la violencia.","og_url":"https:\/\/www.clinicakahlo.mx\/blog\/fanatismo-y-violencia\/","og_site_name":"Blog de Psicolog\u00eda","article_publisher":"https:\/\/www.facebook.com\/clinicaterapeuticakahlo\/","article_published_time":"2019-04-14T14:08:24+00:00","og_image":[{"width":1244,"height":829,"url":"https:\/\/www.clinicakahlo.mx\/blog\/wp-content\/uploads\/2019\/04\/violencia.jpg","type":"image\/jpeg"}],"twitter_card":"summary","twitter_creator":"@clinica_kahlo","twitter_site":"@clinica_kahlo","twitter_misc":{"Escrito por":"Cl\u00ednica Kahlo","Tiempo de lectura":"3 minutos"},"schema":{"@context":"https:\/\/schema.org","@graph":[{"@type":"Organization","@id":"https:\/\/www.clinicakahlo.mx\/blog\/#organization","name":"Cl\u00ednica Kahlo","url":"https:\/\/www.clinicakahlo.mx\/blog\/","sameAs":["https:\/\/www.facebook.com\/clinicaterapeuticakahlo\/","https:\/\/www.linkedin.com\/company\/cl\u00ednica-terap\u00e9utica-kahlo","https:\/\/www.youtube.com\/channel\/UC0a7wko3r13nM9T-yRbgiig","https:\/\/twitter.com\/clinica_kahlo"],"logo":{"@type":"ImageObject","@id":"https:\/\/www.clinicakahlo.mx\/blog\/#logo","inLanguage":"es-MX","url":"https:\/\/www.clinicakahlo.mx\/blog\/wp-content\/uploads\/2017\/06\/kahlotrans.png","contentUrl":"https:\/\/www.clinicakahlo.mx\/blog\/wp-content\/uploads\/2017\/06\/kahlotrans.png","width":374,"height":208,"caption":"Cl\u00ednica Kahlo"},"image":{"@id":"https:\/\/www.clinicakahlo.mx\/blog\/#logo"}},{"@type":"WebSite","@id":"https:\/\/www.clinicakahlo.mx\/blog\/#website","url":"https:\/\/www.clinicakahlo.mx\/blog\/","name":"Blog de Psicolog\u00eda","description":"Cl\u00ednica Kahlo - Psic\u00f3logos","publisher":{"@id":"https:\/\/www.clinicakahlo.mx\/blog\/#organization"},"potentialAction":[{"@type":"SearchAction","target":{"@type":"EntryPoint","urlTemplate":"https:\/\/www.clinicakahlo.mx\/blog\/?s={search_term_string}"},"query-input":"required name=search_term_string"}],"inLanguage":"es-MX"},{"@type":"ImageObject","@id":"https:\/\/www.clinicakahlo.mx\/blog\/fanatismo-y-violencia\/#primaryimage","inLanguage":"es-MX","url":"https:\/\/www.clinicakahlo.mx\/blog\/wp-content\/uploads\/2019\/04\/violencia.jpg","contentUrl":"https:\/\/www.clinicakahlo.mx\/blog\/wp-content\/uploads\/2019\/04\/violencia.jpg","width":1244,"height":829,"caption":"violencia y fanatismo"},{"@type":"WebPage","@id":"https:\/\/www.clinicakahlo.mx\/blog\/fanatismo-y-violencia\/#webpage","url":"https:\/\/www.clinicakahlo.mx\/blog\/fanatismo-y-violencia\/","name":"Fanatismo y violencia | Cl\u00ednica Kahlo | Psic\u00f3logos en Guadalajara","isPartOf":{"@id":"https:\/\/www.clinicakahlo.mx\/blog\/#website"},"primaryImageOfPage":{"@id":"https:\/\/www.clinicakahlo.mx\/blog\/fanatismo-y-violencia\/#primaryimage"},"datePublished":"2019-04-14T14:08:24+00:00","dateModified":"2019-04-14T14:08:24+00:00","description":"La pobreza en el mundo y el reparto desigual de los avances tecnol\u00f3gicos son sentimientos que son la fuente del fanatismo y la violencia.","breadcrumb":{"@id":"https:\/\/www.clinicakahlo.mx\/blog\/fanatismo-y-violencia\/#breadcrumb"},"inLanguage":"es-MX","potentialAction":[{"@type":"ReadAction","target":["https:\/\/www.clinicakahlo.mx\/blog\/fanatismo-y-violencia\/"]}]},{"@type":"BreadcrumbList","@id":"https:\/\/www.clinicakahlo.mx\/blog\/fanatismo-y-violencia\/#breadcrumb","itemListElement":[{"@type":"ListItem","position":1,"name":"Blog Psicolog\u00eda - Psic\u00f3logo en Guadalajara","item":"https:\/\/www.clinicakahlo.mx\/blog\/"},{"@type":"ListItem","position":2,"name":"Fanatismo y violencia"}]},{"@type":"Article","@id":"https:\/\/www.clinicakahlo.mx\/blog\/fanatismo-y-violencia\/#article","isPartOf":{"@id":"https:\/\/www.clinicakahlo.mx\/blog\/fanatismo-y-violencia\/#webpage"},"author":{"@id":"https:\/\/www.clinicakahlo.mx\/blog\/#\/schema\/person\/06ac05016a2131bd89deebd4ae411c51"},"headline":"Fanatismo y violencia","datePublished":"2019-04-14T14:08:24+00:00","dateModified":"2019-04-14T14:08:24+00:00","mainEntityOfPage":{"@id":"https:\/\/www.clinicakahlo.mx\/blog\/fanatismo-y-violencia\/#webpage"},"wordCount":588,"commentCount":0,"publisher":{"@id":"https:\/\/www.clinicakahlo.mx\/blog\/#organization"},"image":{"@id":"https:\/\/www.clinicakahlo.mx\/blog\/fanatismo-y-violencia\/#primaryimage"},"thumbnailUrl":"https:\/\/www.clinicakahlo.mx\/blog\/wp-content\/uploads\/2019\/04\/violencia.jpg","keywords":["fanatismo","violencia"],"articleSection":["Violencia"],"inLanguage":"es-MX","potentialAction":[{"@type":"CommentAction","name":"Comment","target":["https:\/\/www.clinicakahlo.mx\/blog\/fanatismo-y-violencia\/#respond"]}]},{"@type":"Person","@id":"https:\/\/www.clinicakahlo.mx\/blog\/#\/schema\/person\/06ac05016a2131bd89deebd4ae411c51","name":"Cl\u00ednica Kahlo","image":{"@type":"ImageObject","@id":"https:\/\/www.clinicakahlo.mx\/blog\/#personlogo","inLanguage":"es-MX","url":"https:\/\/secure.gravatar.com\/avatar\/19fa18241f3a5d8f25ceeabf55611205?s=96&d=mm&r=g","contentUrl":"https:\/\/secure.gravatar.com\/avatar\/19fa18241f3a5d8f25ceeabf55611205?s=96&d=mm&r=g","caption":"Cl\u00ednica Kahlo"},"url":"https:\/\/www.clinicakahlo.mx\/blog\/author\/admin\/"}]}},"amp_enabled":true,"_links":{"self":[{"href":"https:\/\/www.clinicakahlo.mx\/blog\/wp-json\/wp\/v2\/posts\/149"}],"collection":[{"href":"https:\/\/www.clinicakahlo.mx\/blog\/wp-json\/wp\/v2\/posts"}],"about":[{"href":"https:\/\/www.clinicakahlo.mx\/blog\/wp-json\/wp\/v2\/types\/post"}],"author":[{"embeddable":true,"href":"https:\/\/www.clinicakahlo.mx\/blog\/wp-json\/wp\/v2\/users\/1"}],"replies":[{"embeddable":true,"href":"https:\/\/www.clinicakahlo.mx\/blog\/wp-json\/wp\/v2\/comments?post=149"}],"version-history":[{"count":1,"href":"https:\/\/www.clinicakahlo.mx\/blog\/wp-json\/wp\/v2\/posts\/149\/revisions"}],"predecessor-version":[{"id":151,"href":"https:\/\/www.clinicakahlo.mx\/blog\/wp-json\/wp\/v2\/posts\/149\/revisions\/151"}],"wp:featuredmedia":[{"embeddable":true,"href":"https:\/\/www.clinicakahlo.mx\/blog\/wp-json\/wp\/v2\/media\/150"}],"wp:attachment":[{"href":"https:\/\/www.clinicakahlo.mx\/blog\/wp-json\/wp\/v2\/media?parent=149"}],"wp:term":[{"taxonomy":"category","embeddable":true,"href":"https:\/\/www.clinicakahlo.mx\/blog\/wp-json\/wp\/v2\/categories?post=149"},{"taxonomy":"post_tag","embeddable":true,"href":"https:\/\/www.clinicakahlo.mx\/blog\/wp-json\/wp\/v2\/tags?post=149"}],"curies":[{"name":"wp","href":"https:\/\/api.w.org\/{rel}","templated":true}]}}