{"id":143,"date":"2019-04-06T11:13:37","date_gmt":"2019-04-06T17:13:37","guid":{"rendered":"http:\/\/www.clinicakahlo.mx\/blog\/?p=143"},"modified":"2019-04-06T11:13:37","modified_gmt":"2019-04-06T17:13:37","slug":"que-es-la-psicopatologia","status":"publish","type":"post","link":"https:\/\/www.clinicakahlo.mx\/blog\/que-es-la-psicopatologia\/","title":{"rendered":"\u00bfQu\u00e9 es la psicopatolog\u00eda?"},"content":{"rendered":"<p>Todos conocemos hechos catalogados como anormales. Tenemos noticias de alg\u00fan dictador loco por conseguir el poder en un lugar de la Tierra, de psic\u00f3patas que matan a varias personas por venganza, de suicidios colectivos y extravagantes.<\/p>\n<p>Tambi\u00e9n observamos a personas con crisis existenciales por la muerte de un ser querido o que soportan problemas de relaciones interpersonales y no saben c\u00f3mo afrontarlos, y muchas sufren por conductas que escapan a su control: fobias, drogodependencias o juegos patol\u00f3gicos.<\/p>\n<p><!--more--><\/p>\n<p>\u00bfPor qu\u00e9 hay adolescentes anor\u00e9xicos?\u00a0\u00bfEs normal que algunos j\u00f3venes sufran trastornos de ansiedad?\u00a0\u00bfPor qu\u00e9 las relaciones de pareja se degradan o desaparecen poco despu\u00e9s de establecerse?<\/p>\n<p>Estos trastornos, graves o leves, son tratados por la psiquiatr\u00eda y la psicolog\u00eda cl\u00ednica, que tienen un largo camino por recorrer, porque algunos no est\u00e1n bien definidos, ignoramos sus causas y los tratamientos no obtienen la eficacia deseada.<\/p>\n<p>Los trastornos psicol\u00f3gicos existen desde los or\u00edgenes de la humanidad, pero s\u00f3lo desde hace poco tiempo se ha comenzado a cartografiar la nebulosa monta\u00f1a de la psicopatolog\u00eda.<\/p>\n<h2>Evoluci\u00f3n hist\u00f3rica de la psicopatolog\u00eda<\/h2>\n<p>Qu\u00e9 entendemos por salud y enfermedad, locura o perturbaci\u00f3n psicol\u00f3gica depende, igual que otras concepciones sobre la naturaleza humana, del contexto hist\u00f3rico y de la visi\u00f3n del mundo que tiene una sociedad.<\/p>\n<p>Durante la\u00a0Antig\u00fcedad y en la mayor\u00eda de las civilizaciones, los trastornos psicol\u00f3gicos eran una condena, porque se les atribu\u00edan causas sobrenaturales. El concepto de enfermedad mental es de reciente aparici\u00f3n, pero los de loco, endemoniado o pose\u00eddo, parece que han existido siempre.<\/p>\n<p>En Grecia la locura se consideraba producto de la posesi\u00f3n de esp\u00edritus malignos y los m\u00e9dicos-sacerdotes establec\u00edan rogativas y ceremoniales al dios Esculapio. Esta concepci\u00f3n de la locura como fen\u00f3meno sobrenatural se mantuvo hasta Hip\u00f3crates (460-357 a.C.). Este pionero de la medicina se\u00f1al\u00f3 que el origen de los trastornos mentales radica en el desequilibrio de los cuatro humores corporales: sangre, flema, bilis negra y bilis amarilla.<\/p>\n<p>Hip\u00f3crates fue tambi\u00e9n el autor de la primera clasificaci\u00f3n psicol\u00f3gica de los temperamentos (col\u00e9rico, sangu\u00edneo, melanc\u00f3lico y flem\u00e1tico), y quien estableci\u00f3 tres categor\u00edas de trastorno mental: man\u00eda, melancol\u00eda e histeria, ideas que perduraron hasta el final de la civilizaci\u00f3n grecorromana.<\/p>\n<p>En Roma, el principal defensor de la tradici\u00f3n hipocr\u00e1tica fue Galeno (130-200 d.C). Seg\u00fan su opini\u00f3n, las causas de la locura pod\u00edan ser org\u00e1nicas (lesiones, exceso de alcohol, cambios menstruales) o mentales (miedos, desenga\u00f1os, angustias). Su esfuerzo por comprender racionalmente la locura se perdi\u00f3 por el oscurantismo e ignorancia que se prolong\u00f3 durante la Edad Media.<\/p>\n<p>Durante la Edad Media, trastornos psicol\u00f3gicos como la demencia fueron considerados como una manifestaci\u00f3n de potencias mal\u00e9ficas y los tratamientos recibidos por las personas que las padec\u00edan eran tan b\u00e1rbaros como las hogueras organizadas por la Inquisici\u00f3n.<\/p>\n<figure id=\"attachment_145\" aria-describedby=\"caption-attachment-145\" style=\"width: 660px\" class=\"wp-caption aligncenter\"><img class=\"size-large wp-image-145\" src=\"http:\/\/www.clinicakahlo.mx\/blog\/wp-content\/uploads\/2019\/04\/bosco-1024x612.jpg\" alt=\"El Bosco\" width=\"660\" height=\"394\" srcset=\"https:\/\/www.clinicakahlo.mx\/blog\/wp-content\/uploads\/2019\/04\/bosco-1024x612.jpg 1024w, https:\/\/www.clinicakahlo.mx\/blog\/wp-content\/uploads\/2019\/04\/bosco-300x179.jpg 300w, https:\/\/www.clinicakahlo.mx\/blog\/wp-content\/uploads\/2019\/04\/bosco-768x459.jpg 768w, https:\/\/www.clinicakahlo.mx\/blog\/wp-content\/uploads\/2019\/04\/bosco.jpg 1200w\" sizes=\"(max-width: 660px) 100vw, 660px\" \/><figcaption id=\"caption-attachment-145\" class=\"wp-caption-text\">El Bosco, Extracci\u00f3n de la piedra de la locura. Una creencia extendida en Europa atribu\u00eda la locura a una piedra alojada en el cr\u00e1neo de los dementes.<\/figcaption><\/figure>\n<p>&nbsp;<\/p>\n<blockquote><p>&lt;&lt;Mil senderos existen que a\u00fan no han sido nunca recorridos: mil formas de salud y mil ocultas islas de la vida. Inagotados y no descubiertos contin\u00faan siendo siempre para m\u00ed el hombre y la tierra del hombre.&gt;&gt;<\/p>\n<p>NIETZCHE, Friedrich: As\u00ed habl\u00f3 Zaratustra. Alianza, Madrid, 1992.<\/p><\/blockquote>\n<p>A partir del siglo XVIII, durante la Revoluci\u00f3n francesa, Philipe Pinel (1745-1826), elabor\u00f3 una clasificaci\u00f3n de los trastornos mentales (melancol\u00eda, man\u00eda, demencia, idiocia), y defendi\u00f3 un tratamiento de la mente que deb\u00eda seguir los mismos pasos que los tratamientos f\u00edsicos para el cuerpo.<\/p>\n<p>El estudio cient\u00edfico de la locura no comenz\u00f3 hasta finales del siglo XIX y principios del XX. El psiquiatra alem\u00e1n <a href=\"https:\/\/en.wikipedia.org\/wiki\/Emil_Kraepelin\">E. Kraepelin<\/a> (1856-1926) estableci\u00f3 el concepto de enfermedad mental; <a href=\"https:\/\/en.wikipedia.org\/wiki\/Emil_Kraepelin\">Kraepelin<\/a> consideraba que los trastornos mentales eran an\u00e1logos a los trastornos f\u00edsicos y que hab\u00eda que buscar la causa org\u00e1nica espec\u00edfica de cada uno. Esta consideraci\u00f3n biom\u00e9dica de la enfermedad mental es defendida hoy por la psiquiatr\u00eda.<\/p>\n<p>El concepto de enfermedad mental sirvi\u00f3 para aceptar que los individuos con trastornos psicol\u00f3gicos no eran brujas o pecadores, sino personas que necesitan tratamiento. Sin embargo, esta conceptualizaci\u00f3n recibi\u00f3 duras cr\u00edticas desde la propia psiquiatr\u00eda con la obra de <a href=\"https:\/\/en.wikipedia.org\/wiki\/Thomas_Szasz\">Thomas Szasz<\/a>, El mito de la enfermedad mental.<\/p>\n<p><a href=\"https:\/\/en.wikipedia.org\/wiki\/Thomas_Szasz\">T. Szasz<\/a> considera que las &lt;&lt;enfermedades mentales&gt;&gt; se definen socialmente y no desde el punto de vista m\u00e9dico. Por ejemplo, los psiquiatras sovi\u00e9ticos en la \u00e9poca estalinista, diagnosticaban como &lt;&lt;psic\u00f3ticos&gt;&gt; a ciudadanos disidentes, y as\u00ed utilizaban met\u00e1foras m\u00e9dicas para disfrazar el desprecio por sus ideas pol\u00edticas.<\/p>\n<p>En la actualidad todav\u00eda persiste la controversia sobre el tratamiento psicol\u00f3gico entre la farmacoterapia y la psicoterapia. el descubrimiento de nuevos medicamentos comenzando por los antipsic\u00f3ticos como la Torazina, los ansiol\u00edticos o los tranquilizantes como el Valium, hasta los m\u00e1s recientes antidepresivos como el Prozac, reflejan avances en el conocimiento de las causas gen\u00e9ticas o bioqu\u00edmicas de muchos trastornos.<\/p>\n<p>Es cierto que los f\u00e1rmacos alivian los s\u00edntomas, especialmente los de la esquizofrenia (delirios, alucinaciones, habla desorganizada y retraimiento extremo) y de la depresi\u00f3n (desesperaci\u00f3n, dificultades para pensar, preocupaci\u00f3n por la muerte o el suicidio): sin embargo, la farmacoterapia ataca s\u00f3lo los s\u00edntomas del trastorno, no las causas. Aun cuando un desequilibrio bioqu\u00edmico lo desencadene, se necesita la psicoterapia para afrontar los problemas derivados de la aparici\u00f3n del problema.<\/p>\n<p>El gran reto de la psicolog\u00eda cl\u00ednica del siglo XXI ser\u00e1 crear una psicopatolog\u00eda que integre los factores biol\u00f3gicos y psicosociales y comprender que los trastornos psicol\u00f3gicos ofrecen caras distintas en las diferentes culturas. Adem\u00e1s es necesario atender a las peculiaridades ambientales que afectan a millones de personas y no olvidar la advertencia de Amparo Belloch:<\/p>\n<blockquote><p>Si la sociedad idealiza o valora positivamente un modo determinado de ser, de sentir, de pensar o de comportarse, las im\u00e1genes que una sociedad o un grupo humano dominante poseen acerca de una sociedad, de lo que es verdaderamente humano y, por extensi\u00f3n, de lo normal y ajustado a derecho, ser\u00e1n imperativos inescapables a la hora de construir las im\u00e1genes de lo patol\u00f3gico.<\/p>\n<p>A. BELLOCH, B. SANDIN Y F. RAMOS: Manual de psicopatolog\u00eda. McGraw-Hill, Madrid, Vol. 1., 1995, p. 5.<\/p><\/blockquote>\n<figure id=\"attachment_144\" aria-describedby=\"caption-attachment-144\" style=\"width: 247px\" class=\"wp-caption aligncenter\"><img class=\"size-full wp-image-144\" src=\"http:\/\/www.clinicakahlo.mx\/blog\/wp-content\/uploads\/2019\/04\/picaso.jpg\" alt=\"Picasso El Loco\" width=\"247\" height=\"574\" srcset=\"https:\/\/www.clinicakahlo.mx\/blog\/wp-content\/uploads\/2019\/04\/picaso.jpg 247w, https:\/\/www.clinicakahlo.mx\/blog\/wp-content\/uploads\/2019\/04\/picaso-129x300.jpg 129w\" sizes=\"(max-width: 247px) 100vw, 247px\" \/><figcaption id=\"caption-attachment-144\" class=\"wp-caption-text\">Picasso, El loco, 1909.\u00a0<\/figcaption><\/figure>\n<h2>Los trastornos psicol\u00f3gicos<\/h2>\n<p>Los trastornos psicol\u00f3gicos son viejos compa\u00f1eros de la especie humana y siempre nos han preocupado las alteraciones que provocan en el estado de \u00e1nimo o en la conducta. En la sociedad actual todav\u00eda existe cierto desconocimiento y miedo frente a cualquier patolog\u00eda psicol\u00f3gica, pero no es f\u00e1cil encontrar una definici\u00f3n clara desde el punto de vista cient\u00edfico.<\/p>\n<p>Actualmente es posible establecer algunos criterios v\u00e1lidos para deslindar los l\u00edmites entre lo normal y anormal, y aplicar normas o reglas que nos sirven de gu\u00eda en el conocimiento de l psicopatolog\u00eda. Hay varios criterios de &lt;&lt;anormalidad&gt;&gt; para explicar los problemas psicol\u00f3gicos.<\/p>\n<h3>Criterio estad\u00edstico<\/h3>\n<p>La idea central del criterio estad\u00edstico es que las variables psicol\u00f3gicas que definen a un individuo tienen una distribuci\u00f3n normal en su poblaci\u00f3n de referencia. Todo pensamiento, conducta, emoci\u00f3n que se desv\u00ede de la normalidad es considerado patol\u00f3gico. As\u00ed podemos diferenciar entre una persona con estabilidad emocional y otra neur\u00f3tica, igual que distinguimos entre baja y alta capacidad intelectual. Este criterio no es v\u00e1lido porque,\u00a0\u00bfconsideramos a todos los genios, pensadores y artistas como trastornados? Si una mayor\u00eda de personas creen en la vida eterna,\u00a0\u00bfson anormales los agn\u00f3sticos y ateos?<\/p>\n<h3>Criterio biol\u00f3gico<\/h3>\n<p>El comportamiento anormal se debe al imperfecto funcionamiento del organismo, por alguna alteraci\u00f3n del cerebro, bien sea estructural o funcional. Aunque es innegable la importancia de los procesos biol\u00f3gicos en las conductas y emociones humanas, tambi\u00e9n es cierto que estos procesos son influidos por factores psicosociales y ambientales.<\/p>\n<h3>Criterio social<\/h3>\n<p>Lo psicopatol\u00f3gico es una construcci\u00f3n o convenci\u00f3n social establecida en una \u00e9poca determinada. Como podemos comprobar por los estudios transculturales, lo que en una cultura es normal, es anormal en otras, por ejemplo, mientras el alcohol es una droga legal en Occidente, en la cultura \u00e1rabe est\u00e1 prohibido.<\/p>\n<h3>Criterio subjetivo y personal<\/h3>\n<p>Cada individuo sabe cu\u00e1l es su incapacidad o sufrimiento personal para desarrollar con \u00e9xito su vida. Este criterio tampoco es correcto porque muchas personas desconocen sus s\u00edntomas o los interpretan mal. Los hipocondr\u00edacos son capaces de inventarse enfermedades y es dif\u00edcil que una persona demente se valga por s\u00ed misma.<\/p>\n<p>Tal vez podemos pensar que ning\u00fan criterio es v\u00e1lido, pero debemos reconocer que todos son necesarios. Los criterios son relativos y no todos tienen el mismo grado de cientificidad ni explican de igual manera la conducta anormal. S\u00ed es importante saber que tener dificultades en la vida, no es sin\u00f3nimo de estar &lt;&lt;loco&gt;&gt;.<\/p>\n<p>La salud f\u00edsica y psicol\u00f3gica, tanto en su g\u00e9nesis como en su mantenimiento es un estado o proceso bio-psicosocial. La salud y la enfermedad son procesos determinados por diversas variables:<\/p>\n<ul>\n<li><strong>Biof\u00edsicas<\/strong>: gen\u00e9ticas, neurol\u00f3gicas, fisiol\u00f3gicas, etc\u00e9tera.<\/li>\n<li><strong>Psicol\u00f3gicas<\/strong>: conductas de riesgo, emociones, o estilos cognitivos, etc\u00e9tera.<\/li>\n<li><strong>Sociales<\/strong>: variables sociodemogr\u00e1ficas, estatus social, sexo, etc\u00e9tera.<\/li>\n<li><strong>Culturales<\/strong>: transformaciones socioculturales que vive Occidente.<\/li>\n<\/ul>\n<h2>Diferentes modelos de categorizaci\u00f3n<\/h2>\n<p>Podemos comparar la psicopatolog\u00eda con la contemplaci\u00f3n de una estatua, donde caben distintos modos o \u00e1ngulos de visi\u00f3n, todos necesarios para adquirir una imagen m\u00e1s completa. <a href=\"https:\/\/en.wikipedia.org\/wiki\/Alan_E._Kazdin\">Alan E. Kazdin<\/a> defiende que todo modelo de la psicopatolog\u00eda es &lt;&lt;una forma global de ordenar esta \u00e1rea de estudio. Representa una orientaci\u00f3n para explicar la conducta anormal, llevar a cabo la investigaci\u00f3n e interpretar los hallazgos experimentales.&gt;&gt;<\/p>\n<p>No es lo mismo creer que los trastornos psicol\u00f3gicos son causados por una posesi\u00f3n demon\u00edaca (concepci\u00f3n mitol\u00f3gica) que considerarlos como enfermedad (modelo biom\u00e9dico), o pensar que son comportamientos anormales desadaptados (modelo cognitivo-conductual). Los criterios y concepciones te\u00f3ricas diferentes implican tres modelos psicopatol\u00f3gicos: el biom\u00e9dico, el conductual y biopsicosocial.<\/p>\n<h3>El modelo biom\u00e9dico<\/h3>\n<p>Considera el trastorno mental como una enfermedad f\u00edsica m\u00e1s; cualquier alteraci\u00f3n psicopatol\u00f3gica depende de unas causas biol\u00f3gicas subyacentes, sean gen\u00e9ticas, neurol\u00f3gicas o bioqu\u00edmicas. Este modelo ha sido desarrollado por la psiquiatr\u00eda, que trata los s\u00edntomas de la enfermedad, clasifica los cuadros cl\u00ednicos y los tratamientos se realizan con f\u00e1rmacos, olvidando posibles intervenciones psicosociales.<\/p>\n<h3>El modelo cognitivo-conductual<\/h3>\n<p>Describe el comportamiento como un continuo y las variables que influyen en la conducta anormal son variadas y complejas, igual que las de la conducta normal. Las diferencias entre ambas son de grado y no de tipo. La conducta anormal es menos eficaz y adaptativa que la normal, y m\u00e1s inquietante, pero se mantiene y modifica por los mismos principios. Los seguidores de este modelo conciben la terapia como una tarea educativa consistente en ense\u00f1ar a la persona a enfrentarse con sus dificultades y a adquirir mayor control de su vida.<\/p>\n<h3>El modelo biopsicosocial<\/h3>\n<p>El paradigma biopsicosocial es un marco conceptual para guiar la pr\u00e1ctica cl\u00ednica, que trata de analizar la complejidad de la conducta desde tres niveles: biol\u00f3gico (gen\u00e9tica, cerebro, drogas), psicol\u00f3gico (procesos cognitivos, afrontamiento del estr\u00e9s), y social (sucesos vitales estresantes). Este modelo acepta la interacci\u00f3n entre diferentes niveles, aunque todav\u00eda faltan investigaciones para saber c\u00f3mo se concretan estas relaciones.<\/p>\n","protected":false},"excerpt":{"rendered":"<p>Todos conocemos hechos catalogados como anormales. Tenemos noticias de alg\u00fan dictador loco por conseguir el poder en un lugar de la Tierra, de psic\u00f3patas que matan a varias personas por venganza, de suicidios colectivos y extravagantes. Tambi\u00e9n observamos a personas con crisis existenciales por la muerte de un ser querido o que soportan problemas de relaciones interpersonales y no saben c\u00f3mo afrontarlos, y muchas sufren por conductas que escapan a su control: fobias, drogodependencias o juegos patol\u00f3gicos.<\/p>\n","protected":false},"author":1,"featured_media":146,"comment_status":"open","ping_status":"open","sticky":false,"template":"","format":"standard","meta":{"sfsi_plus_gutenberg_text_before_share":"","sfsi_plus_gutenberg_show_text_before_share":"","sfsi_plus_gutenberg_icon_type":"","sfsi_plus_gutenberg_icon_alignemt":"","sfsi_plus_gutenburg_max_per_row":"","_monsterinsights_skip_tracking":false,"_monsterinsights_sitenote_active":false,"_monsterinsights_sitenote_note":"","_monsterinsights_sitenote_category":0},"categories":[35,31],"tags":[32,20],"yoast_head":"<!-- This site is optimized with the Yoast SEO plugin v17.4 - https:\/\/yoast.com\/wordpress\/plugins\/seo\/ -->\n<title>\u00bfQu\u00e9 es la psicopatolog\u00eda? | Cl\u00ednica Kahlo | Psic\u00f3logos en Guadalajara<\/title>\n<meta name=\"description\" content=\"Todos conocemos hechos catalogados como anormales. Tenemos noticias de alg\u00fan dictador loco por conseguir el poder en un lugar de la Tierra, de psic\u00f3patas que matan a varias personas por venganza, de suicidios colectivos y extravagantes.\" \/>\n<meta name=\"robots\" content=\"index, follow, max-snippet:-1, max-image-preview:large, max-video-preview:-1\" \/>\n<link rel=\"canonical\" href=\"https:\/\/www.clinicakahlo.mx\/blog\/que-es-la-psicopatologia\/\" \/>\n<meta property=\"og:locale\" content=\"es_MX\" \/>\n<meta property=\"og:type\" content=\"article\" \/>\n<meta property=\"og:title\" content=\"\u00bfQu\u00e9 es la psicopatolog\u00eda? | Cl\u00ednica Kahlo | Psic\u00f3logos en Guadalajara\" \/>\n<meta property=\"og:description\" content=\"Todos conocemos hechos catalogados como anormales. Tenemos noticias de alg\u00fan dictador loco por conseguir el poder en un lugar de la Tierra, de psic\u00f3patas que matan a varias personas por venganza, de suicidios colectivos y extravagantes.\" \/>\n<meta property=\"og:url\" content=\"https:\/\/www.clinicakahlo.mx\/blog\/que-es-la-psicopatologia\/\" \/>\n<meta property=\"og:site_name\" content=\"Blog de Psicolog\u00eda\" \/>\n<meta property=\"article:publisher\" content=\"https:\/\/www.facebook.com\/clinicaterapeuticakahlo\/\" \/>\n<meta property=\"article:published_time\" content=\"2019-04-06T17:13:37+00:00\" \/>\n<meta property=\"og:image\" content=\"https:\/\/www.clinicakahlo.mx\/blog\/wp-content\/uploads\/2019\/04\/action-backlit-beach-1046896.jpg\" \/>\n\t<meta property=\"og:image:width\" content=\"3052\" \/>\n\t<meta property=\"og:image:height\" content=\"1491\" \/>\n<meta name=\"twitter:card\" content=\"summary\" \/>\n<meta name=\"twitter:creator\" content=\"@clinica_kahlo\" \/>\n<meta name=\"twitter:site\" content=\"@clinica_kahlo\" \/>\n<meta name=\"twitter:label1\" content=\"Escrito por\" \/>\n\t<meta name=\"twitter:data1\" content=\"Cl\u00ednica Kahlo\" \/>\n\t<meta name=\"twitter:label2\" content=\"Tiempo de lectura\" \/>\n\t<meta name=\"twitter:data2\" content=\"10 minutos\" \/>\n<script type=\"application\/ld+json\" class=\"yoast-schema-graph\">{\"@context\":\"https:\/\/schema.org\",\"@graph\":[{\"@type\":\"Organization\",\"@id\":\"https:\/\/www.clinicakahlo.mx\/blog\/#organization\",\"name\":\"Cl\\u00ednica Kahlo\",\"url\":\"https:\/\/www.clinicakahlo.mx\/blog\/\",\"sameAs\":[\"https:\/\/www.facebook.com\/clinicaterapeuticakahlo\/\",\"https:\/\/www.linkedin.com\/company\/cl\\u00ednica-terap\\u00e9utica-kahlo\",\"https:\/\/www.youtube.com\/channel\/UC0a7wko3r13nM9T-yRbgiig\",\"https:\/\/twitter.com\/clinica_kahlo\"],\"logo\":{\"@type\":\"ImageObject\",\"@id\":\"https:\/\/www.clinicakahlo.mx\/blog\/#logo\",\"inLanguage\":\"es-MX\",\"url\":\"https:\/\/www.clinicakahlo.mx\/blog\/wp-content\/uploads\/2017\/06\/kahlotrans.png\",\"contentUrl\":\"https:\/\/www.clinicakahlo.mx\/blog\/wp-content\/uploads\/2017\/06\/kahlotrans.png\",\"width\":374,\"height\":208,\"caption\":\"Cl\\u00ednica Kahlo\"},\"image\":{\"@id\":\"https:\/\/www.clinicakahlo.mx\/blog\/#logo\"}},{\"@type\":\"WebSite\",\"@id\":\"https:\/\/www.clinicakahlo.mx\/blog\/#website\",\"url\":\"https:\/\/www.clinicakahlo.mx\/blog\/\",\"name\":\"Blog de Psicolog\\u00eda\",\"description\":\"Cl\\u00ednica Kahlo - Psic\\u00f3logos\",\"publisher\":{\"@id\":\"https:\/\/www.clinicakahlo.mx\/blog\/#organization\"},\"potentialAction\":[{\"@type\":\"SearchAction\",\"target\":{\"@type\":\"EntryPoint\",\"urlTemplate\":\"https:\/\/www.clinicakahlo.mx\/blog\/?s={search_term_string}\"},\"query-input\":\"required name=search_term_string\"}],\"inLanguage\":\"es-MX\"},{\"@type\":\"ImageObject\",\"@id\":\"https:\/\/www.clinicakahlo.mx\/blog\/que-es-la-psicopatologia\/#primaryimage\",\"inLanguage\":\"es-MX\",\"url\":\"https:\/\/www.clinicakahlo.mx\/blog\/wp-content\/uploads\/2019\/04\/action-backlit-beach-1046896.jpg\",\"contentUrl\":\"https:\/\/www.clinicakahlo.mx\/blog\/wp-content\/uploads\/2019\/04\/action-backlit-beach-1046896.jpg\",\"width\":3052,\"height\":1491,\"caption\":\"psicopatolog\\u00eda\"},{\"@type\":\"WebPage\",\"@id\":\"https:\/\/www.clinicakahlo.mx\/blog\/que-es-la-psicopatologia\/#webpage\",\"url\":\"https:\/\/www.clinicakahlo.mx\/blog\/que-es-la-psicopatologia\/\",\"name\":\"\\u00bfQu\\u00e9 es la psicopatolog\\u00eda? | Cl\\u00ednica Kahlo | Psic\\u00f3logos en Guadalajara\",\"isPartOf\":{\"@id\":\"https:\/\/www.clinicakahlo.mx\/blog\/#website\"},\"primaryImageOfPage\":{\"@id\":\"https:\/\/www.clinicakahlo.mx\/blog\/que-es-la-psicopatologia\/#primaryimage\"},\"datePublished\":\"2019-04-06T17:13:37+00:00\",\"dateModified\":\"2019-04-06T17:13:37+00:00\",\"description\":\"Todos conocemos hechos catalogados como anormales. Tenemos noticias de alg\\u00fan dictador loco por conseguir el poder en un lugar de la Tierra, de psic\\u00f3patas que matan a varias personas por venganza, de suicidios colectivos y extravagantes.\",\"breadcrumb\":{\"@id\":\"https:\/\/www.clinicakahlo.mx\/blog\/que-es-la-psicopatologia\/#breadcrumb\"},\"inLanguage\":\"es-MX\",\"potentialAction\":[{\"@type\":\"ReadAction\",\"target\":[\"https:\/\/www.clinicakahlo.mx\/blog\/que-es-la-psicopatologia\/\"]}]},{\"@type\":\"BreadcrumbList\",\"@id\":\"https:\/\/www.clinicakahlo.mx\/blog\/que-es-la-psicopatologia\/#breadcrumb\",\"itemListElement\":[{\"@type\":\"ListItem\",\"position\":1,\"name\":\"Blog Psicolog\\u00eda - Psic\\u00f3logo en Guadalajara\",\"item\":\"https:\/\/www.clinicakahlo.mx\/blog\/\"},{\"@type\":\"ListItem\",\"position\":2,\"name\":\"\\u00bfQu\\u00e9 es la psicopatolog\\u00eda?\"}]},{\"@type\":\"Article\",\"@id\":\"https:\/\/www.clinicakahlo.mx\/blog\/que-es-la-psicopatologia\/#article\",\"isPartOf\":{\"@id\":\"https:\/\/www.clinicakahlo.mx\/blog\/que-es-la-psicopatologia\/#webpage\"},\"author\":{\"@id\":\"https:\/\/www.clinicakahlo.mx\/blog\/#\/schema\/person\/06ac05016a2131bd89deebd4ae411c51\"},\"headline\":\"\\u00bfQu\\u00e9 es la psicopatolog\\u00eda?\",\"datePublished\":\"2019-04-06T17:13:37+00:00\",\"dateModified\":\"2019-04-06T17:13:37+00:00\",\"mainEntityOfPage\":{\"@id\":\"https:\/\/www.clinicakahlo.mx\/blog\/que-es-la-psicopatologia\/#webpage\"},\"wordCount\":2033,\"commentCount\":0,\"publisher\":{\"@id\":\"https:\/\/www.clinicakahlo.mx\/blog\/#organization\"},\"image\":{\"@id\":\"https:\/\/www.clinicakahlo.mx\/blog\/que-es-la-psicopatologia\/#primaryimage\"},\"thumbnailUrl\":\"https:\/\/www.clinicakahlo.mx\/blog\/wp-content\/uploads\/2019\/04\/action-backlit-beach-1046896.jpg\",\"keywords\":[\"psicologia\",\"tipos de psicolog\\u00eda\"],\"articleSection\":[\"historia de la psicolog\\u00eda\",\"Psicolog\\u00eda Social\"],\"inLanguage\":\"es-MX\",\"potentialAction\":[{\"@type\":\"CommentAction\",\"name\":\"Comment\",\"target\":[\"https:\/\/www.clinicakahlo.mx\/blog\/que-es-la-psicopatologia\/#respond\"]}]},{\"@type\":\"Person\",\"@id\":\"https:\/\/www.clinicakahlo.mx\/blog\/#\/schema\/person\/06ac05016a2131bd89deebd4ae411c51\",\"name\":\"Cl\\u00ednica Kahlo\",\"image\":{\"@type\":\"ImageObject\",\"@id\":\"https:\/\/www.clinicakahlo.mx\/blog\/#personlogo\",\"inLanguage\":\"es-MX\",\"url\":\"https:\/\/secure.gravatar.com\/avatar\/19fa18241f3a5d8f25ceeabf55611205?s=96&d=mm&r=g\",\"contentUrl\":\"https:\/\/secure.gravatar.com\/avatar\/19fa18241f3a5d8f25ceeabf55611205?s=96&d=mm&r=g\",\"caption\":\"Cl\\u00ednica Kahlo\"},\"url\":\"https:\/\/www.clinicakahlo.mx\/blog\/author\/admin\/\"}]}<\/script>\n<!-- \/ Yoast SEO plugin. -->","yoast_head_json":{"title":"\u00bfQu\u00e9 es la psicopatolog\u00eda? | Cl\u00ednica Kahlo | Psic\u00f3logos en Guadalajara","description":"Todos conocemos hechos catalogados como anormales. Tenemos noticias de alg\u00fan dictador loco por conseguir el poder en un lugar de la Tierra, de psic\u00f3patas que matan a varias personas por venganza, de suicidios colectivos y extravagantes.","robots":{"index":"index","follow":"follow","max-snippet":"max-snippet:-1","max-image-preview":"max-image-preview:large","max-video-preview":"max-video-preview:-1"},"canonical":"https:\/\/www.clinicakahlo.mx\/blog\/que-es-la-psicopatologia\/","og_locale":"es_MX","og_type":"article","og_title":"\u00bfQu\u00e9 es la psicopatolog\u00eda? | Cl\u00ednica Kahlo | Psic\u00f3logos en Guadalajara","og_description":"Todos conocemos hechos catalogados como anormales. Tenemos noticias de alg\u00fan dictador loco por conseguir el poder en un lugar de la Tierra, de psic\u00f3patas que matan a varias personas por venganza, de suicidios colectivos y extravagantes.","og_url":"https:\/\/www.clinicakahlo.mx\/blog\/que-es-la-psicopatologia\/","og_site_name":"Blog de Psicolog\u00eda","article_publisher":"https:\/\/www.facebook.com\/clinicaterapeuticakahlo\/","article_published_time":"2019-04-06T17:13:37+00:00","og_image":[{"width":3052,"height":1491,"url":"https:\/\/www.clinicakahlo.mx\/blog\/wp-content\/uploads\/2019\/04\/action-backlit-beach-1046896.jpg","type":"image\/jpeg"}],"twitter_card":"summary","twitter_creator":"@clinica_kahlo","twitter_site":"@clinica_kahlo","twitter_misc":{"Escrito por":"Cl\u00ednica Kahlo","Tiempo de lectura":"10 minutos"},"schema":{"@context":"https:\/\/schema.org","@graph":[{"@type":"Organization","@id":"https:\/\/www.clinicakahlo.mx\/blog\/#organization","name":"Cl\u00ednica Kahlo","url":"https:\/\/www.clinicakahlo.mx\/blog\/","sameAs":["https:\/\/www.facebook.com\/clinicaterapeuticakahlo\/","https:\/\/www.linkedin.com\/company\/cl\u00ednica-terap\u00e9utica-kahlo","https:\/\/www.youtube.com\/channel\/UC0a7wko3r13nM9T-yRbgiig","https:\/\/twitter.com\/clinica_kahlo"],"logo":{"@type":"ImageObject","@id":"https:\/\/www.clinicakahlo.mx\/blog\/#logo","inLanguage":"es-MX","url":"https:\/\/www.clinicakahlo.mx\/blog\/wp-content\/uploads\/2017\/06\/kahlotrans.png","contentUrl":"https:\/\/www.clinicakahlo.mx\/blog\/wp-content\/uploads\/2017\/06\/kahlotrans.png","width":374,"height":208,"caption":"Cl\u00ednica Kahlo"},"image":{"@id":"https:\/\/www.clinicakahlo.mx\/blog\/#logo"}},{"@type":"WebSite","@id":"https:\/\/www.clinicakahlo.mx\/blog\/#website","url":"https:\/\/www.clinicakahlo.mx\/blog\/","name":"Blog de Psicolog\u00eda","description":"Cl\u00ednica Kahlo - Psic\u00f3logos","publisher":{"@id":"https:\/\/www.clinicakahlo.mx\/blog\/#organization"},"potentialAction":[{"@type":"SearchAction","target":{"@type":"EntryPoint","urlTemplate":"https:\/\/www.clinicakahlo.mx\/blog\/?s={search_term_string}"},"query-input":"required name=search_term_string"}],"inLanguage":"es-MX"},{"@type":"ImageObject","@id":"https:\/\/www.clinicakahlo.mx\/blog\/que-es-la-psicopatologia\/#primaryimage","inLanguage":"es-MX","url":"https:\/\/www.clinicakahlo.mx\/blog\/wp-content\/uploads\/2019\/04\/action-backlit-beach-1046896.jpg","contentUrl":"https:\/\/www.clinicakahlo.mx\/blog\/wp-content\/uploads\/2019\/04\/action-backlit-beach-1046896.jpg","width":3052,"height":1491,"caption":"psicopatolog\u00eda"},{"@type":"WebPage","@id":"https:\/\/www.clinicakahlo.mx\/blog\/que-es-la-psicopatologia\/#webpage","url":"https:\/\/www.clinicakahlo.mx\/blog\/que-es-la-psicopatologia\/","name":"\u00bfQu\u00e9 es la psicopatolog\u00eda? | Cl\u00ednica Kahlo | Psic\u00f3logos en Guadalajara","isPartOf":{"@id":"https:\/\/www.clinicakahlo.mx\/blog\/#website"},"primaryImageOfPage":{"@id":"https:\/\/www.clinicakahlo.mx\/blog\/que-es-la-psicopatologia\/#primaryimage"},"datePublished":"2019-04-06T17:13:37+00:00","dateModified":"2019-04-06T17:13:37+00:00","description":"Todos conocemos hechos catalogados como anormales. Tenemos noticias de alg\u00fan dictador loco por conseguir el poder en un lugar de la Tierra, de psic\u00f3patas que matan a varias personas por venganza, de suicidios colectivos y extravagantes.","breadcrumb":{"@id":"https:\/\/www.clinicakahlo.mx\/blog\/que-es-la-psicopatologia\/#breadcrumb"},"inLanguage":"es-MX","potentialAction":[{"@type":"ReadAction","target":["https:\/\/www.clinicakahlo.mx\/blog\/que-es-la-psicopatologia\/"]}]},{"@type":"BreadcrumbList","@id":"https:\/\/www.clinicakahlo.mx\/blog\/que-es-la-psicopatologia\/#breadcrumb","itemListElement":[{"@type":"ListItem","position":1,"name":"Blog Psicolog\u00eda - Psic\u00f3logo en Guadalajara","item":"https:\/\/www.clinicakahlo.mx\/blog\/"},{"@type":"ListItem","position":2,"name":"\u00bfQu\u00e9 es la psicopatolog\u00eda?"}]},{"@type":"Article","@id":"https:\/\/www.clinicakahlo.mx\/blog\/que-es-la-psicopatologia\/#article","isPartOf":{"@id":"https:\/\/www.clinicakahlo.mx\/blog\/que-es-la-psicopatologia\/#webpage"},"author":{"@id":"https:\/\/www.clinicakahlo.mx\/blog\/#\/schema\/person\/06ac05016a2131bd89deebd4ae411c51"},"headline":"\u00bfQu\u00e9 es la psicopatolog\u00eda?","datePublished":"2019-04-06T17:13:37+00:00","dateModified":"2019-04-06T17:13:37+00:00","mainEntityOfPage":{"@id":"https:\/\/www.clinicakahlo.mx\/blog\/que-es-la-psicopatologia\/#webpage"},"wordCount":2033,"commentCount":0,"publisher":{"@id":"https:\/\/www.clinicakahlo.mx\/blog\/#organization"},"image":{"@id":"https:\/\/www.clinicakahlo.mx\/blog\/que-es-la-psicopatologia\/#primaryimage"},"thumbnailUrl":"https:\/\/www.clinicakahlo.mx\/blog\/wp-content\/uploads\/2019\/04\/action-backlit-beach-1046896.jpg","keywords":["psicologia","tipos de psicolog\u00eda"],"articleSection":["historia de la psicolog\u00eda","Psicolog\u00eda Social"],"inLanguage":"es-MX","potentialAction":[{"@type":"CommentAction","name":"Comment","target":["https:\/\/www.clinicakahlo.mx\/blog\/que-es-la-psicopatologia\/#respond"]}]},{"@type":"Person","@id":"https:\/\/www.clinicakahlo.mx\/blog\/#\/schema\/person\/06ac05016a2131bd89deebd4ae411c51","name":"Cl\u00ednica Kahlo","image":{"@type":"ImageObject","@id":"https:\/\/www.clinicakahlo.mx\/blog\/#personlogo","inLanguage":"es-MX","url":"https:\/\/secure.gravatar.com\/avatar\/19fa18241f3a5d8f25ceeabf55611205?s=96&d=mm&r=g","contentUrl":"https:\/\/secure.gravatar.com\/avatar\/19fa18241f3a5d8f25ceeabf55611205?s=96&d=mm&r=g","caption":"Cl\u00ednica Kahlo"},"url":"https:\/\/www.clinicakahlo.mx\/blog\/author\/admin\/"}]}},"amp_enabled":true,"_links":{"self":[{"href":"https:\/\/www.clinicakahlo.mx\/blog\/wp-json\/wp\/v2\/posts\/143"}],"collection":[{"href":"https:\/\/www.clinicakahlo.mx\/blog\/wp-json\/wp\/v2\/posts"}],"about":[{"href":"https:\/\/www.clinicakahlo.mx\/blog\/wp-json\/wp\/v2\/types\/post"}],"author":[{"embeddable":true,"href":"https:\/\/www.clinicakahlo.mx\/blog\/wp-json\/wp\/v2\/users\/1"}],"replies":[{"embeddable":true,"href":"https:\/\/www.clinicakahlo.mx\/blog\/wp-json\/wp\/v2\/comments?post=143"}],"version-history":[{"count":1,"href":"https:\/\/www.clinicakahlo.mx\/blog\/wp-json\/wp\/v2\/posts\/143\/revisions"}],"predecessor-version":[{"id":147,"href":"https:\/\/www.clinicakahlo.mx\/blog\/wp-json\/wp\/v2\/posts\/143\/revisions\/147"}],"wp:featuredmedia":[{"embeddable":true,"href":"https:\/\/www.clinicakahlo.mx\/blog\/wp-json\/wp\/v2\/media\/146"}],"wp:attachment":[{"href":"https:\/\/www.clinicakahlo.mx\/blog\/wp-json\/wp\/v2\/media?parent=143"}],"wp:term":[{"taxonomy":"category","embeddable":true,"href":"https:\/\/www.clinicakahlo.mx\/blog\/wp-json\/wp\/v2\/categories?post=143"},{"taxonomy":"post_tag","embeddable":true,"href":"https:\/\/www.clinicakahlo.mx\/blog\/wp-json\/wp\/v2\/tags?post=143"}],"curies":[{"name":"wp","href":"https:\/\/api.w.org\/{rel}","templated":true}]}}